{"id":4885,"date":"2025-11-25T12:32:30","date_gmt":"2025-11-25T17:32:30","guid":{"rendered":"https:\/\/pedagogicovirgendelanatividad.edu.pe\/portal\/?p=4885"},"modified":"2025-11-25T12:32:31","modified_gmt":"2025-11-25T17:32:31","slug":"no-a-la-violencia-contra-la-mujer","status":"publish","type":"post","link":"https:\/\/pedagogicovirgendelanatividad.edu.pe\/portal\/no-a-la-violencia-contra-la-mujer\/","title":{"rendered":"NO A LA VIOLENCIA CONTRA LA MUJER"},"content":{"rendered":"\n<p><strong>Hoy, en el D\u00eda Internacional de la Eliminaci\u00f3n de la #ViolenciaContraLasMujeres, iniciamos los #16Dias de activismo para eliminar a la violencia de g\u00e9nero, una violaci\u00f3n generalizada y devastadora de los derechos humanos en la Regi\u00f3n de las Am\u00e9ricas y en el mundo.<\/strong><\/p>\n\n\n\n<p><strong>Este a\u00f1o conmemoramos el 30.\u00ba aniversario de la Declaraci\u00f3n y Plataforma de Acci\u00f3n de Beijing: \u00daNETE para poner fin a la violencia contra las mujeres y las ni\u00f1as, el proyecto m\u00e1s progresista jam\u00e1s creado para promover los derechos de las mujeres.<\/strong><\/p>\n\n\n\n<p><strong>\ud83d\udd17 Conoce c\u00f3mo puedes ayudar a crear un futuro sin violencia:<\/strong><\/p>\n\n\n\n<div class=\"wp-block-buttons is-layout-flex wp-block-buttons-is-layout-flex\">\n<div class=\"wp-block-button\"><a class=\"wp-block-button__link wp-element-button\" href=\"https:\/\/www.paho.org\/es\/campanas\/dia-internacional-para-eliminacion-violencia-contra-mujer-2025-16-dias-activismo-contra\">Click aqui para conocer m\u00e1s<\/a><\/div>\n<\/div>\n\n\n\n<figure class=\"wp-block-gallery has-nested-images columns-default is-cropped wp-block-gallery-2 is-layout-flex wp-block-gallery-is-layout-flex\">\n<figure class=\"wp-block-image size-large\"><img fetchpriority=\"high\" decoding=\"async\" width=\"1024\" height=\"1024\" data-id=\"4886\" src=\"https:\/\/pedagogicovirgendelanatividad.edu.pe\/portal\/wp-content\/uploads\/2025\/11\/Imagen-de-WhatsApp-2025-11-25-a-las-10.14.38_0e793bf7-1024x1024.jpg\" alt=\"\" class=\"wp-image-4886\" srcset=\"https:\/\/pedagogicovirgendelanatividad.edu.pe\/portal\/wp-content\/uploads\/2025\/11\/Imagen-de-WhatsApp-2025-11-25-a-las-10.14.38_0e793bf7-1024x1024.jpg 1024w, https:\/\/pedagogicovirgendelanatividad.edu.pe\/portal\/wp-content\/uploads\/2025\/11\/Imagen-de-WhatsApp-2025-11-25-a-las-10.14.38_0e793bf7-300x300.jpg 300w, https:\/\/pedagogicovirgendelanatividad.edu.pe\/portal\/wp-content\/uploads\/2025\/11\/Imagen-de-WhatsApp-2025-11-25-a-las-10.14.38_0e793bf7-150x150.jpg 150w, https:\/\/pedagogicovirgendelanatividad.edu.pe\/portal\/wp-content\/uploads\/2025\/11\/Imagen-de-WhatsApp-2025-11-25-a-las-10.14.38_0e793bf7-768x768.jpg 768w, https:\/\/pedagogicovirgendelanatividad.edu.pe\/portal\/wp-content\/uploads\/2025\/11\/Imagen-de-WhatsApp-2025-11-25-a-las-10.14.38_0e793bf7.jpg 1080w\" sizes=\"(max-width: 1024px) 100vw, 1024px\" \/><\/figure>\n<\/figure>\n","protected":false},"excerpt":{"rendered":"<p class=\"tx-excerpt\">Hoy, en el D\u00eda Internacional de la Eliminaci\u00f3n de la #ViolenciaContraLasMujeres, iniciamos los #16Dias de activismo para eliminar a la violencia de g\u00e9nero,<div class=\"tx-read-more\"><a href=\"https:\/\/pedagogicovirgendelanatividad.edu.pe\/portal\/no-a-la-violencia-contra-la-mujer\/\">Seguir Leyendo<\/a><\/div>","protected":false},"author":1,"featured_media":4887,"comment_status":"closed","ping_status":"open","sticky":false,"template":"","format":"standard","meta":{"footnotes":""},"categories":[4],"tags":[],"class_list":["post-4885","post","type-post","status-publish","format-standard","has-post-thumbnail","hentry","category-comunicados"],"_links":{"self":[{"href":"https:\/\/pedagogicovirgendelanatividad.edu.pe\/portal\/wp-json\/wp\/v2\/posts\/4885","targetHints":{"allow":["GET"]}}],"collection":[{"href":"https:\/\/pedagogicovirgendelanatividad.edu.pe\/portal\/wp-json\/wp\/v2\/posts"}],"about":[{"href":"https:\/\/pedagogicovirgendelanatividad.edu.pe\/portal\/wp-json\/wp\/v2\/types\/post"}],"author":[{"embeddable":true,"href":"https:\/\/pedagogicovirgendelanatividad.edu.pe\/portal\/wp-json\/wp\/v2\/users\/1"}],"replies":[{"embeddable":true,"href":"https:\/\/pedagogicovirgendelanatividad.edu.pe\/portal\/wp-json\/wp\/v2\/comments?post=4885"}],"version-history":[{"count":1,"href":"https:\/\/pedagogicovirgendelanatividad.edu.pe\/portal\/wp-json\/wp\/v2\/posts\/4885\/revisions"}],"predecessor-version":[{"id":4888,"href":"https:\/\/pedagogicovirgendelanatividad.edu.pe\/portal\/wp-json\/wp\/v2\/posts\/4885\/revisions\/4888"}],"wp:featuredmedia":[{"embeddable":true,"href":"https:\/\/pedagogicovirgendelanatividad.edu.pe\/portal\/wp-json\/wp\/v2\/media\/4887"}],"wp:attachment":[{"href":"https:\/\/pedagogicovirgendelanatividad.edu.pe\/portal\/wp-json\/wp\/v2\/media?parent=4885"}],"wp:term":[{"taxonomy":"category","embeddable":true,"href":"https:\/\/pedagogicovirgendelanatividad.edu.pe\/portal\/wp-json\/wp\/v2\/categories?post=4885"},{"taxonomy":"post_tag","embeddable":true,"href":"https:\/\/pedagogicovirgendelanatividad.edu.pe\/portal\/wp-json\/wp\/v2\/tags?post=4885"}],"curies":[{"name":"wp","href":"https:\/\/api.w.org\/{rel}","templated":true}]}}